{"id":12783,"date":"2024-11-11T12:10:03","date_gmt":"2024-11-11T11:10:03","guid":{"rendered":"https:\/\/modual.eu\/?p=12783"},"modified":"2026-03-24T10:58:38","modified_gmt":"2026-03-24T09:58:38","slug":"polcos-megoldasok-kolumbariumokban","status":"publish","type":"post","link":"https:\/\/modual.eu\/hu\/novinky-hu\/polcos-megoldasok-kolumbariumokban\/","title":{"rendered":"Polcos megold\u00e1sok kolumb\u00e1riumokban"},"content":{"rendered":"<h2 style=\"text-align: center;\">Polcos megold\u00e1sok a kolumb\u00e1riumokban<\/h2>\n<p style=\"text-align: center;\"><span style=\"color: #ffffff;\">Polcos megold\u00e1sok kolumb\u00e1riumokban<\/span><\/p>\n<h3 style=\"text-align: center;\">Mi\u00e9rt fontos m\u00e9rlegelni a lehet\u0151s\u00e9geket?<\/h3>\n<p>&nbsp;<\/p>\n<p style=\"text-align: center;\"><img loading=\"lazy\" decoding=\"async\" class=\"aligncenter wp-image-11498 size-large\" src=\"https:\/\/modual.eu\/wp-content\/uploads\/2024\/06\/STENA_POLICE2-1024x950.jpg\" alt=\"\" width=\"1024\" height=\"950\" srcset=\"https:\/\/modual.eu\/wp-content\/uploads\/2024\/06\/STENA_POLICE2-1024x950.jpg 1024w, https:\/\/modual.eu\/wp-content\/uploads\/2024\/06\/STENA_POLICE2-300x278.jpg 300w, https:\/\/modual.eu\/wp-content\/uploads\/2024\/06\/STENA_POLICE2-768x713.jpg 768w, https:\/\/modual.eu\/wp-content\/uploads\/2024\/06\/STENA_POLICE2-1536x1426.jpg 1536w, https:\/\/modual.eu\/wp-content\/uploads\/2024\/06\/STENA_POLICE2-2048x1901.jpg 2048w, https:\/\/modual.eu\/wp-content\/uploads\/2024\/06\/STENA_POLICE2-157x146.jpg 157w, https:\/\/modual.eu\/wp-content\/uploads\/2024\/06\/STENA_POLICE2-50x46.jpg 50w, https:\/\/modual.eu\/wp-content\/uploads\/2024\/06\/STENA_POLICE2-81x75.jpg 81w\" sizes=\"auto, (max-width: 1024px) 100vw, 1024px\" \/><\/p>\n<p><span style=\"color: #999999;\"><em>Polcos megold\u00e1sok a kolumb\u00e1riumokban<\/em><\/span><\/p>\n<h2>Polcos megold\u00e1sok a kolumb\u00e1riumokban: Mi\u00e9rt fontos m\u00e9rlegelni a lehet\u0151s\u00e9geket?<\/h2>\n<p>Az ut\u00f3bbi \u00e9vekben egyre n\u00f6vekv\u0151 kereslet mutatkozott a polcos urnafal megold\u00e1sok ir\u00e1nt. Az \u00fcgyfeleink k\u00e9r\u00e9seire v\u00e1laszul \u00fagy d\u00f6nt\u00f6tt\u00fcnk,hogy bemutatjuk k\u00edn\u00e1latunk \u00fajdons\u00e1g\u00e1t:\u00a0 <strong>urnafalak polcokkal.<\/strong> B\u00e1r hossz\u00fa ideig nem tartottuk eszt\u00e9tikusnak ezt a megold\u00e1st, most \u00fagy d\u00f6nt\u00f6tt\u00fcnk, hogy eleget tesz\u00fcnk az \u00fcgyfeleink ig\u00e9nyeinek.<\/p>\n<p>Ebben a cikkben r\u00e9szletesebben megvizsg\u00e1ljuk a <a href=\"https:\/\/modual.eu\/hu\/kapcsolat\/\"><strong>polcos megold\u00e1sok el\u0151nyeit \u00e9s h\u00e1tr\u00e1nyait<\/strong><\/a> a kolumb\u00e1riumokban,\u00e9s azt, hogy mi\u00e9rt fontos <strong>alaposan m\u00e9rlegelni ezt a lehet\u0151s\u00e9get.<\/strong><\/p>\n<h3>Hagyom\u00e1nyos kolumb\u00e1riumok<\/h3>\n<p><a href=\"https:\/\/modual.eu\/hu\/urnahaz\/\"><strong>Kolumb\u00e1riumok<\/strong><\/a> hagyom\u00e1nyosan \u00fagy vannak tervezve, hogy biztos\u00edtsanak egy <strong>biztons\u00e1gos \u00e9s eszt\u00e9tikus helyet<\/strong> az elhunytak urn\u00e1j\u00e1nak elhelyez\u00e9s\u00e9re. A legt\u00f6bb kolumb\u00e1rium <strong>z\u00e1rt urnaf\u00fclk\u00e9ket<\/strong> vagy <strong>hagyom\u00e1nyos f\u00fclk\u00e9ket<\/strong> k\u00edn\u00e1l, amelyek \u00e1ltal\u00e1ban k\u0151b\u0151l, \u00fcvegb\u0151l vagy f\u00e9mb\u0151l k\u00e9sz\u00fclt ajt\u00f3kkal vannak ell\u00e1tva. Ezek a f\u00fclk\u00e9k elegend\u0151 helyet biztos\u00edtanak a csal\u00e1doknak az eml\u00e9kez\u00e9shez, mik\u00f6zben v\u00e9delmet ny\u00fajtanak az urna sz\u00e1m\u00e1ra az id\u0151j\u00e1r\u00e1s \u00e9s a vandalizmus ellen.<\/p>\n<p>Azonban a szem\u00e9lyre szabott \u00e9s az elhunytak utols\u00f3 nyughely\u00e9nek testreszab\u00e1s\u00e1ra ir\u00e1nyul\u00f3 n\u00f6vekv\u0151 ig\u00e9nyek miatt kezd \u00e9rdekl\u0151d\u00e9s mutatkozni a nyitott polcos megold\u00e1sok ir\u00e1nt. Ezek lehet\u0151v\u00e9 teszik az urna \u00e9s k\u00fcl\u00f6nb\u00f6z\u0151 d\u00edsz\u00edt\u0151elemek elhelyez\u00e9s\u00e9t szabad t\u00e9rben, fizikai akad\u00e1lyok n\u00e9lk\u00fcl. B\u00e1r ez a megold\u00e1s vonz\u00f3 lehet sok \u00fcgyf\u00e9l sz\u00e1m\u00e1ra, fontos m\u00e9rlegelni annak eszt\u00e9tikai, gyakorlati \u00e9s biztons\u00e1gi szempontjait.<\/p>\n<h2><a href=\"https:\/\/modual.eu\/hu\/urnahaz\/\">Kolumb\u00e1rium<\/a><\/h2>\n<h3>A polcos megold\u00e1s el\u0151nyei<\/h3>\n<p>&nbsp;<\/p>\n<h3>1. A kolumb\u00e1rium szem\u00e9lyre szabhat\u00f3s\u00e1ga<\/h3>\n<p>A polcos megold\u00e1s egyik f\u0151 el\u0151nye a lehet\u0151s\u00e9g, hogy <strong>szem\u00e9lyre szabhatjuk<\/strong> az utols\u00f3 nyughelyet <strong>az egy\u00e9ni elk\u00e9pzel\u00e9sek szerint<\/strong>. A csal\u00e1dok a polcra helyezhetnek <strong>szem\u00e9lyes t\u00e1rgyakat<\/strong>, vir\u00e1gokat, elektromos m\u00e9cseseket vagy egy\u00e9b dekor\u00e1ci\u00f3kat, \u00edgy olyan teret hozhatnak l\u00e9tre, amely t\u00fckr\u00f6zi az elhunyt <strong>szem\u00e9lyis\u00e9g\u00e9t<\/strong>. Ez a megk\u00f6zel\u00edt\u00e9s \u00e9rzelmileg gazdag\u00edt\u00f3 lehet, mivel lehet\u0151s\u00e9get ad a k\u00f6zvetlenebb r\u00e9szv\u00e9telre az eml\u00e9kek \u00e1pol\u00e1s\u00e1ban.<\/p>\n<h3>2. Rugalmass\u00e1g a rendez\u00e9sben<\/h3>\n<p>Ellent\u00e9tben a feliratokkal ell\u00e1tott z\u00e1rt urnaf\u00fclk\u00e9kkel, a polcok <strong>rugalmasabb teret biztos\u00edtanak<\/strong> a t\u00e1rgyak rendez\u00e9s\u00e9re \u00e9s \u00e1trendez\u00e9s\u00e9re. Ha a csal\u00e1d id\u0151vel v\u00e1ltoztatni szeretne az urna polc\u00e1n elhelyezett t\u00e1rgyakon, vagy \u00faj d\u00edsz\u00edt\u0151elemeket szeretne hozz\u00e1adni, ezt k\u00f6nnyebben megtehetik an\u00e9lk\u00fcl, hogy ki kellene nyitniuk vagy <strong>beavatkozniuk a z\u00e1rt urnaf\u00fclk\u00e9be<\/strong>.<\/p>\n<h3>A polcos megold\u00e1s h\u00e1tr\u00e1nyai \u00e9s kock\u00e1zatai<\/h3>\n<p>&nbsp;<\/p>\n<h3>1. Biztons\u00e1gi kock\u00e1zatok<\/h3>\n<p>A polcos elrendez\u00e9s komoly\u00a0<strong>biztons\u00e1gi k\u00e9rd\u00e9seket<\/strong>\u00a0is felvet. Az egyik legnagyobb kock\u00e1zat a\u00a0<strong>t\u0171zvesz\u00e9ly<\/strong>. A gy\u00fal\u00e9kony anyagok, mint a gyerty\u00e1k, l\u00e1mp\u00e1k vagy m\u00e9csesek\u00a0<strong>balesetet okozhatnak<\/strong>, ha instabil k\u00f6rnyezetben helyezkednek el. A m\u00faltban m\u00e1r el\u0151fordult, hogy a\u00a0<strong>sz\u00e9l felbor\u00edtotta az \u00e9g\u0151 gyerty\u00e1t<\/strong>, ami a viasz megolvad\u00e1s\u00e1hoz \u00e9s t\u0171zesethez vezetett.<\/p>\n<h3><img loading=\"lazy\" decoding=\"async\" class=\"wp-image-12204 size-full aligncenter\" style=\"font-size: 16px;\" src=\"https:\/\/modual.eu\/wp-content\/uploads\/2024\/06\/image000005.jpg\" alt=\"le\u00e9gett kolumb\u00e1rium urnafal\" width=\"564\" height=\"423\" srcset=\"https:\/\/modual.eu\/wp-content\/uploads\/2024\/06\/image000005.jpg 564w, https:\/\/modual.eu\/wp-content\/uploads\/2024\/06\/image000005-300x225.jpg 300w, https:\/\/modual.eu\/wp-content\/uploads\/2024\/06\/image000005-400x300.jpg 400w, https:\/\/modual.eu\/wp-content\/uploads\/2024\/06\/image000005-195x146.jpg 195w, https:\/\/modual.eu\/wp-content\/uploads\/2024\/06\/image000005-50x38.jpg 50w, https:\/\/modual.eu\/wp-content\/uploads\/2024\/06\/image000005-100x75.jpg 100w\" sizes=\"auto, (max-width: 564px) 100vw, 564px\" \/><\/h3>\n<p>&nbsp;<\/p>\n<h3>2. Vandalizmus \u00e9s rong\u00e1l\u00e1s kock\u00e1zata<\/h3>\n<p>A polcok k\u00f6nnyen el\u00e9rhet\u0151k nemcsak az elhunyt csal\u00e1dtagjai sz\u00e1m\u00e1ra, hanem <strong>potenci\u00e1lis vand\u00e1lok<\/strong> sz\u00e1m\u00e1ra is. A vir\u00e1gok, v\u00e1z\u00e1k vagy egy\u00e9b dekor\u00e1ci\u00f3k <strong>megrong\u00e1l\u00f3dhatnak<\/strong> vagy <strong>ellophatj\u00e1k<\/strong> \u0151ket. Ezenk\u00edv\u00fcl ezek az elemek <strong>term\u00e9szeti jelens\u00e9gekt\u0151l<\/strong>, p\u00e9ld\u00e1ul <strong>sz\u00e9lt\u0151l, es\u0151t\u0151l vagy h\u00f3f\u00fav\u00e1st\u00f3l<\/strong> is megs\u00e9r\u00fclhetnek, ami magasabb karbantart\u00e1si k\u00f6lts\u00e9geket eredm\u00e9nyezhet.<\/p>\n<h3>3. Eszt\u00e9tikai hat\u00e1s a <a href=\"https:\/\/modual.eu\/hu\/kolumbarium\/\">kolumb\u00e1riumra<\/a><\/h3>\n<p>A polcos megold\u00e1s m\u00e1sik h\u00e1tr\u00e1nya az, hogy <strong>eszt\u00e9tikai hat\u00e1st gyakorol a kolumb\u00e1rium \u00f6sszk\u00e9p\u00e9re<\/strong>. Sok temet\u0151 \u00fczemeltet\u0151 \u00e9s \u00e9p\u00edt\u00e9sz a polcos elrendez\u00e9st <strong>kev\u00e9sb\u00e9 eleg\u00e1nsnak<\/strong> \u00e9s z\u0171rzavarosnak tartja, k\u00fcl\u00f6n\u00f6sen, ha a polcokon k\u00fcl\u00f6nf\u00e9le t\u00e1rgyak tal\u00e1lhat\u00f3k, amelyek <strong>nem illeszkednek egy egys\u00e9ges diz\u00e1jnba<\/strong>. Ez az eszt\u00e9tikai benyom\u00e1s zavarhatja az utols\u00f3 nyughely csendes \u00e9s tiszteletteljes jelleg\u00e9t.<\/p>\n<h2>Mi a megold\u00e1sunk: Funkcion\u00e1lis \u00e9s eszt\u00e9tikus polcok<\/h2>\n<p>A <strong><a href=\"https:\/\/modual.eu\/hu\/\">MODU-AL- n\u00e1l \u00fagy d\u00f6nt\u00f6tt\u00fcnk<\/a><\/strong>\u00a0 hogy olyan polcos megold\u00e1sokat alkotunk, amelyek megfelelnek a legmagasabb eszt\u00e9tikai \u00e9s biztons\u00e1gi el\u0151\u00edr\u00e1soknak. <strong><a href=\"https:\/\/modual.eu\/hu\/galeria\/videok\/\">Temet\u0151gazd\u00e1kkal \u00e9s polg\u00e1rmesterekkel folytatott konzult\u00e1ci\u00f3k alapj\u00e1n\u00a0<\/a><\/strong>egyszer\u0171 \u00e9s tiszta polcokat tervezt\u00fcnk, amelyek teljes m\u00e9rt\u00e9kben integr\u00e1l\u00f3dnak kolumb\u00e1riumaink diz\u00e1jnj\u00e1ba.<\/p>\n<h3>Eszt\u00e9tikai megold\u00e1s<\/h3>\n<p>Polcaink a <strong>minimalizmusra \u00e9s tiszta vonalakra<\/strong> helyeznek hangs\u00falyt. Finom \u00fcveggel \u00e9s kiv\u00e1l\u00f3 min\u0151s\u00e9g\u0171 anyagokkal eszt\u00e9tikus megjelen\u00e9st \u00e9rt\u00fcnk el, amely <strong>harmonikus egys\u00e9get alkot<\/strong> a temet\u0151 k\u00f6rnyezet\u00e9vel. Ezek a polcok nem alkotnak rendezetlen \u00e9s zavar\u00f3 elemeket, hanem ink\u00e1bb <strong>kieg\u00e9sz\u00edtik a kolumb\u00e1rium \u00f6ssztervez\u00e9s\u00e9t<\/strong>.<\/p>\n","protected":false},"excerpt":{"rendered":"<p>Polcos megold\u00e1sok a kolumb\u00e1riumokban Polcos megold\u00e1sok kolumb\u00e1riumokban Mi\u00e9rt fontos m\u00e9rlegelni a lehet\u0151s\u00e9geket? &nbsp; Polcos megold\u00e1sok a kolumb\u00e1riumokban Polcos megold\u00e1sok a kolumb\u00e1riumokban: Mi\u00e9rt fontos m\u00e9rlegelni a lehet\u0151s\u00e9geket?<span class=\"excerpt-hellip\"> [\u2026]<\/span><\/p>\n","protected":false},"author":64,"featured_media":12784,"comment_status":"open","ping_status":"open","sticky":false,"template":"","format":"standard","meta":{"inline_featured_image":false,"footnotes":""},"categories":[29],"tags":[],"class_list":["post-12783","post","type-post","status-publish","format-standard","has-post-thumbnail","hentry","category-novinky-hu"],"_links":{"self":[{"href":"https:\/\/modual.eu\/hu\/wp-json\/wp\/v2\/posts\/12783","targetHints":{"allow":["GET"]}}],"collection":[{"href":"https:\/\/modual.eu\/hu\/wp-json\/wp\/v2\/posts"}],"about":[{"href":"https:\/\/modual.eu\/hu\/wp-json\/wp\/v2\/types\/post"}],"author":[{"embeddable":true,"href":"https:\/\/modual.eu\/hu\/wp-json\/wp\/v2\/users\/64"}],"replies":[{"embeddable":true,"href":"https:\/\/modual.eu\/hu\/wp-json\/wp\/v2\/comments?post=12783"}],"version-history":[{"count":5,"href":"https:\/\/modual.eu\/hu\/wp-json\/wp\/v2\/posts\/12783\/revisions"}],"predecessor-version":[{"id":15234,"href":"https:\/\/modual.eu\/hu\/wp-json\/wp\/v2\/posts\/12783\/revisions\/15234"}],"wp:featuredmedia":[{"embeddable":true,"href":"https:\/\/modual.eu\/hu\/wp-json\/wp\/v2\/media\/12784"}],"wp:attachment":[{"href":"https:\/\/modual.eu\/hu\/wp-json\/wp\/v2\/media?parent=12783"}],"wp:term":[{"taxonomy":"category","embeddable":true,"href":"https:\/\/modual.eu\/hu\/wp-json\/wp\/v2\/categories?post=12783"},{"taxonomy":"post_tag","embeddable":true,"href":"https:\/\/modual.eu\/hu\/wp-json\/wp\/v2\/tags?post=12783"}],"curies":[{"name":"wp","href":"https:\/\/api.w.org\/{rel}","templated":true}]}}