{"id":13782,"date":"2025-03-11T13:08:25","date_gmt":"2025-03-11T12:08:25","guid":{"rendered":"https:\/\/modual.eu\/?p=13782"},"modified":"2026-03-23T14:19:39","modified_gmt":"2026-03-23T13:19:39","slug":"temetoi-epiteszet-szakertoi","status":"publish","type":"post","link":"https:\/\/modual.eu\/hu\/novinky-hu\/temetoi-epiteszet-szakertoi\/","title":{"rendered":"Temet\u0151i \u00e9p\u00edt\u00e9szet szak\u00e9rt\u0151i"},"content":{"rendered":"<h2><strong>Temet\u0151i \u00e9p\u00edt\u00e9szet szak\u00e9rt\u0151i<\/strong><\/h2>\n<p><span style=\"color: #ffffff;\"><strong>Temet\u0151i \u00e9p\u00edt\u00e9szet szak\u00e9rt\u0151i<\/strong><\/span><\/p>\n<h2><a href=\"https:\/\/modual.eu\/hu\/\"><strong> \u00c9p\u00edt\u00e9szeti szolg\u00e1ltat\u00e1sokat k\u00edn\u00e1lunk<\/strong><\/a><\/h2>\n<p>Amikor azt halljuk, hogy \u201e\u00e9p\u00edt\u00e9sz\u201d, a legt\u00f6bb ember modern \u00e9p\u00fcletek, h\u00e1zak vagy k\u00f6zterek tervez\u00e9s\u00e9re gondol. Kevesen vannak azonban tiszt\u00e1ban azzal, hogy<strong> l\u00e9tezik egy speci\u00e1lis \u00e9p\u00edt\u00e9szeti ter\u00fclet is<\/strong> \u2013 a temet\u0151i (funer\u00e1lis) \u00e9p\u00edt\u00e9szet. Ez a szakter\u00fclet<strong> speci\u00e1lis ismereteket<\/strong>, tapasztalatot \u00e9s \u00e9rz\u00e9ket ig\u00e9nyel egy olyan t\u00e9r kialak\u00edt\u00e1s\u00e1hoz, amely <strong>egyes\u00edti a m\u00e9lt\u00f3s\u00e1got, tiszteletet \u00e9s funkcionalit\u00e1st.<\/strong><\/p>\n<p>A temet\u0151 olyan hely, ahol az \u00e9p\u00edt\u00e9szet, az urbanisztika, a t\u00e1j\u00e9p\u00edt\u00e9szet \u00e9s a jogszab\u00e1lyok tal\u00e1lkoznak. <strong>Nem csup\u00e1n a v\u00e9gs\u0151 nyugalom helye<\/strong>, hanem egy olyan t\u00e9r is, amely a gy\u00e1szol\u00f3k, l\u00e1togat\u00f3k \u00e9s a k\u00f6z\u00f6ss\u00e9g sz\u00e1m\u00e1ra is fontos. Egy megfelel\u0151en megtervezett <strong>temet\u0151nek funkcion\u00e1lisnak, eszt\u00e9tikusnak<\/strong>, fenntarthat\u00f3nak kell lennie, \u00e9s tiszteletben kell tartania a t\u00f6rt\u00e9nelmi \u00e9s kultur\u00e1lis \u00f6sszef\u00fcgg\u00e9seket. Ez\u00e9rt <strong>elengedhetetlen<\/strong>, hogy <strong>a tervez\u00e9s\u00e9t \u00e9s kivitelez\u00e9s\u00e9t szakemberek v\u00e9gezz\u00e9k.<\/strong><\/p>\n<p><img loading=\"lazy\" decoding=\"async\" class=\"aligncenter wp-image-13765 size-large\" src=\"https:\/\/modual.eu\/wp-content\/uploads\/2025\/03\/1-3-1024x640.jpg\" alt=\"kolumb\u00e1rium modual egy temet\u0151ben\" width=\"1024\" height=\"640\" srcset=\"https:\/\/modual.eu\/wp-content\/uploads\/2025\/03\/1-3-1024x640.jpg 1024w, https:\/\/modual.eu\/wp-content\/uploads\/2025\/03\/1-3-300x188.jpg 300w, https:\/\/modual.eu\/wp-content\/uploads\/2025\/03\/1-3-768x480.jpg 768w, https:\/\/modual.eu\/wp-content\/uploads\/2025\/03\/1-3-1536x960.jpg 1536w, https:\/\/modual.eu\/wp-content\/uploads\/2025\/03\/1-3-234x146.jpg 234w, https:\/\/modual.eu\/wp-content\/uploads\/2025\/03\/1-3-50x31.jpg 50w, https:\/\/modual.eu\/wp-content\/uploads\/2025\/03\/1-3-120x75.jpg 120w, https:\/\/modual.eu\/wp-content\/uploads\/2025\/03\/1-3.jpg 1814w\" sizes=\"auto, (max-width: 1024px) 100vw, 1024px\" \/><\/p>\n<p>&nbsp;<\/p>\n<h2><strong>Mi\u00e9rt fontos a szak\u00e9rt\u0151kkel val\u00f3 egy\u00fcttm\u0171k\u00f6d\u00e9s?<\/strong><\/h2>\n<p><strong>Sok \u00f6nkorm\u00e1nyzat<\/strong> temet\u0151tervez\u00e9s vagy -moderniz\u00e1ci\u00f3 sor\u00e1n <strong>olyan \u00e9p\u00edt\u00e9szekhez fordul<\/strong>, akik el\u0151sz\u00f6r tal\u00e1lkoznak ezzel a ter\u00fclettel. Ennek eredm\u00e9nyek\u00e9nt olyan megold\u00e1sok sz\u00fclethetnek, amelyek b\u00e1r vizu\u00e1lisan vonz\u00f3ak, a gyakorlatban nem m\u0171k\u00f6d\u0151k\u00e9pesek vagy nem felelnek meg a jogszab\u00e1lyi el\u0151\u00edr\u00e1soknak. A temet\u0151i \u00e9p\u00edt\u00e9szet szak\u00e9rt\u0151i tudj\u00e1k, hogyan kell az egyes elemeket \u00f6sszehangolni, hogy harmonikus \u00e9s hat\u00e9kony eg\u00e9szet alkossanak:<\/p>\n<ul>\n<li><strong>Ravataloz\u00f3 \u00e9s k\u00f6rnyezete<\/strong> \u2013 m\u00e9lt\u00f3s\u00e1gteljes, nyugodt \u00e9s megfelel\u0151 elrendez\u00e9s\u0171 kell legyen.<\/li>\n<li><strong>S\u00e9t\u00e1nyok \u00e9s utak<\/strong> \u2013 megfelel\u0151en kialak\u00edtott burkolatok biztos\u00edtj\u00e1k a biztons\u00e1got \u00e9s a k\u00f6nny\u0171 karbantart\u00e1st.<\/li>\n<li><strong>Z\u00f6ldter\u00fcletek<\/strong> \u2013 a megfelel\u0151 n\u00f6v\u00e9nyzet nyugodt l\u00e9gk\u00f6rt teremt \u00e9s megakad\u00e1lyozza a t\u00falzott betonfel\u00fcleteket.<\/li>\n<li><strong>Kolumb\u00e1riumok<\/strong> \u2013 megfelel\u0151en megtervezett urnaf\u00fclk\u00e9k, amelyek tiszteletben tartj\u00e1k a m\u00e9lt\u00f3s\u00e1got \u00e9s az eszt\u00e9tik\u00e1t.<\/li>\n<li><strong>Gazdas\u00e1gi fenntarthat\u00f3s\u00e1g<\/strong> \u2013 a tervez\u00e9snek figyelembe kell vennie a hossz\u00fa t\u00e1v\u00fa \u00fczemeltet\u00e9si \u00e9s karbantart\u00e1si k\u00f6lts\u00e9geket.<\/li>\n<\/ul>\n<p><img loading=\"lazy\" decoding=\"async\" class=\"aligncenter wp-image-13767 size-large\" src=\"https:\/\/modual.eu\/wp-content\/uploads\/2025\/03\/3-3-1024x640.jpg\" alt=\"kolumb\u00e1rium modual egy temet\u0151ben\" width=\"1024\" height=\"640\" srcset=\"https:\/\/modual.eu\/wp-content\/uploads\/2025\/03\/3-3-1024x640.jpg 1024w, https:\/\/modual.eu\/wp-content\/uploads\/2025\/03\/3-3-300x188.jpg 300w, https:\/\/modual.eu\/wp-content\/uploads\/2025\/03\/3-3-768x480.jpg 768w, https:\/\/modual.eu\/wp-content\/uploads\/2025\/03\/3-3-1536x960.jpg 1536w, https:\/\/modual.eu\/wp-content\/uploads\/2025\/03\/3-3-234x146.jpg 234w, https:\/\/modual.eu\/wp-content\/uploads\/2025\/03\/3-3-50x31.jpg 50w, https:\/\/modual.eu\/wp-content\/uploads\/2025\/03\/3-3-120x75.jpg 120w, https:\/\/modual.eu\/wp-content\/uploads\/2025\/03\/3-3.jpg 1814w\" sizes=\"auto, (max-width: 1024px) 100vw, 1024px\" \/><\/p>\n<h2><strong>Temet\u0151 \u2013 egy hely, <a href=\"https:\/\/modual.eu\/hu\">amelynek lelke van<\/a><\/strong><\/h2>\n<p><strong>A temet\u0151 nem csup\u00e1n s\u00edrhelyek \u00f6sszess\u00e9ge<\/strong>. Ez egy <strong>t\u00e9r<\/strong>, amely <strong>befoly\u00e1solja az utols\u00f3 b\u00facs\u00fa l\u00e9gk\u00f6r\u00e9t<\/strong> \u00e9s lehet\u0151s\u00e9get teremt a m\u00e9lt\u00f3 megeml\u00e9kez\u00e9sre. <strong>A z\u00f6ldter\u00fcletek, s\u00e9t\u00e1nyok, \u00e9p\u00edt\u00e9szet \u00e9s eszt\u00e9tikai elemek harmonikus kombin\u00e1ci\u00f3ja<\/strong> m\u00e9lt\u00f3s\u00e1gteljes k\u00f6rnyezetet hoz l\u00e9tre, amely fontos a gy\u00e1szol\u00f3k \u00e9s a sz\u00e9lesebb k\u00f6z\u00f6ss\u00e9g sz\u00e1m\u00e1ra is.<\/p>\n<p>C\u00e9g\u00fcnk szakosodott a temet\u0151i \u00e9p\u00edt\u00e9szet szakszer\u0171 megold\u00e1saira, \u00e9s teljes k\u00f6r\u0171 szolg\u00e1ltat\u00e1sokat k\u00edn\u00e1l az \u00f6nkorm\u00e1nyzatok sz\u00e1m\u00e1ra a temet\u0151k tervez\u00e9se, rekonstrukci\u00f3ja \u00e9s revitaliz\u00e1ci\u00f3ja ter\u00e9n.<\/p>\n<h2 style=\"text-align: center;\"><strong>Miben tudunk seg\u00edteni?<\/strong><\/h2>\n<p style=\"text-align: center;\"><em>\u00d6nkorm\u00e1nyzatok sz\u00e1m\u00e1ra k\u00edn\u00e1ljuk:<\/em><\/p>\n<p style=\"text-align: center;\">\u00a0\u00daj temet\u0151k tervez\u00e9se \u00e9s b\u0151v\u00edt\u00e9se<\/p>\n<p style=\"text-align: center;\">\u00a0Megl\u00e9v\u0151 temet\u0151k rekonstrukci\u00f3ja (bele\u00e9rtve a t\u00f6rt\u00e9nelmi temet\u0151ket is)<\/p>\n<p style=\"text-align: center;\">\u00a0Z\u00f6ldter\u00fcletek \u00e9s infrastrukt\u00fara optimaliz\u00e1l\u00e1sa<\/p>\n<p style=\"text-align: center;\">\u00a0Kolumb\u00e1riumok tervez\u00e9se \u00e9s kivitelez\u00e9se<\/p>\n<p style=\"text-align: center;\">\u00a0Konzult\u00e1ci\u00f3k \u00e9s tan\u00e1csad\u00e1s jogszab\u00e1lyokkal \u00e9s \u00fczemeltet\u00e9ssel kapcsolatban<\/p>\n<p><img loading=\"lazy\" decoding=\"async\" class=\"aligncenter wp-image-13766 size-large\" src=\"https:\/\/modual.eu\/wp-content\/uploads\/2025\/03\/2-3-1024x640.jpg\" alt=\"kolumb\u00e1rium modual egy temet\u0151ben\" width=\"1024\" height=\"640\" srcset=\"https:\/\/modual.eu\/wp-content\/uploads\/2025\/03\/2-3-1024x640.jpg 1024w, https:\/\/modual.eu\/wp-content\/uploads\/2025\/03\/2-3-300x188.jpg 300w, https:\/\/modual.eu\/wp-content\/uploads\/2025\/03\/2-3-768x480.jpg 768w, https:\/\/modual.eu\/wp-content\/uploads\/2025\/03\/2-3-1536x960.jpg 1536w, https:\/\/modual.eu\/wp-content\/uploads\/2025\/03\/2-3-234x146.jpg 234w, https:\/\/modual.eu\/wp-content\/uploads\/2025\/03\/2-3-50x31.jpg 50w, https:\/\/modual.eu\/wp-content\/uploads\/2025\/03\/2-3-120x75.jpg 120w, https:\/\/modual.eu\/wp-content\/uploads\/2025\/03\/2-3.jpg 1814w\" sizes=\"auto, (max-width: 1024px) 100vw, 1024px\" \/><\/p>\n<p><span style=\"color: #ffffff;\"><strong>Temet\u0151i \u00e9p\u00edt\u00e9szet szak\u00e9rt\u0151i<\/strong><\/span><\/p>\n<p>Ha <strong>temet\u0151t szeretne l\u00e9trehozni vagy moderniz\u00e1lni<\/strong> <strong>telep\u00fcl\u00e9s\u00e9n, mi itt vagyunk \u00d6nnek.<\/strong> Egy\u00fctt m\u00e9lt\u00f3s\u00e1gteljes, funkcion\u00e1lis \u00e9s eszt\u00e9tikailag vonz\u00f3 helyet hozhatunk l\u00e9tre.<\/p>\n<p>Vegye fel vel\u00fcnk a kapcsolatot, \u00e9s b\u00edzza a tervez\u00e9st szak\u00e9rt\u0151kre. Az\u00e9rt vagyunk itt, hogy seg\u00edts\u00fcnk m\u00e9lt\u00f3 eml\u00e9khelyeket l\u00e9trehozni a j\u00f6v\u0151 gener\u00e1ci\u00f3i sz\u00e1m\u00e1ra.<\/p>\n","protected":false},"excerpt":{"rendered":"<p>Temet\u0151i \u00e9p\u00edt\u00e9szet szak\u00e9rt\u0151i Temet\u0151i \u00e9p\u00edt\u00e9szet szak\u00e9rt\u0151i \u00c9p\u00edt\u00e9szeti szolg\u00e1ltat\u00e1sokat k\u00edn\u00e1lunk Amikor azt halljuk, hogy \u201e\u00e9p\u00edt\u00e9sz\u201d, a legt\u00f6bb ember modern \u00e9p\u00fcletek, h\u00e1zak vagy k\u00f6zterek tervez\u00e9s\u00e9re gondol. Kevesen vannak<span class=\"excerpt-hellip\"> [\u2026]<\/span><\/p>\n","protected":false},"author":64,"featured_media":13783,"comment_status":"open","ping_status":"open","sticky":false,"template":"","format":"standard","meta":{"inline_featured_image":false,"footnotes":""},"categories":[29],"tags":[],"class_list":["post-13782","post","type-post","status-publish","format-standard","has-post-thumbnail","hentry","category-novinky-hu"],"_links":{"self":[{"href":"https:\/\/modual.eu\/hu\/wp-json\/wp\/v2\/posts\/13782","targetHints":{"allow":["GET"]}}],"collection":[{"href":"https:\/\/modual.eu\/hu\/wp-json\/wp\/v2\/posts"}],"about":[{"href":"https:\/\/modual.eu\/hu\/wp-json\/wp\/v2\/types\/post"}],"author":[{"embeddable":true,"href":"https:\/\/modual.eu\/hu\/wp-json\/wp\/v2\/users\/64"}],"replies":[{"embeddable":true,"href":"https:\/\/modual.eu\/hu\/wp-json\/wp\/v2\/comments?post=13782"}],"version-history":[{"count":4,"href":"https:\/\/modual.eu\/hu\/wp-json\/wp\/v2\/posts\/13782\/revisions"}],"predecessor-version":[{"id":15182,"href":"https:\/\/modual.eu\/hu\/wp-json\/wp\/v2\/posts\/13782\/revisions\/15182"}],"wp:featuredmedia":[{"embeddable":true,"href":"https:\/\/modual.eu\/hu\/wp-json\/wp\/v2\/media\/13783"}],"wp:attachment":[{"href":"https:\/\/modual.eu\/hu\/wp-json\/wp\/v2\/media?parent=13782"}],"wp:term":[{"taxonomy":"category","embeddable":true,"href":"https:\/\/modual.eu\/hu\/wp-json\/wp\/v2\/categories?post=13782"},{"taxonomy":"post_tag","embeddable":true,"href":"https:\/\/modual.eu\/hu\/wp-json\/wp\/v2\/tags?post=13782"}],"curies":[{"name":"wp","href":"https:\/\/api.w.org\/{rel}","templated":true}]}}