{"id":14242,"date":"2025-05-29T10:57:42","date_gmt":"2025-05-29T08:57:42","guid":{"rendered":"https:\/\/modual.eu\/?p=14242"},"modified":"2025-05-29T10:57:42","modified_gmt":"2025-05-29T08:57:42","slug":"kolumbarium-funeral-expo","status":"publish","type":"post","link":"https:\/\/modual.eu\/pl\/novinky-pl\/kolumbarium-funeral-expo\/","title":{"rendered":"Kolumbarium na Funeral Expo"},"content":{"rendered":"<p>Jeste\u015bmy dumni, \u017ce jako czesko-s\u0142owacki producent kolumbari\u00f3w mamy mo\u017cliwo\u015b\u0107 uczestniczy\u0107 w presti\u017cowej mi\u0119dzynarodowej konferencji Funeral Expo 2025 w Polsce.<br \/>\nPrezentujemy tutaj nasze najnowsze produkty i innowacje w zakresie przechowywania proch\u00f3w urnowych.<\/p>\n<p>Cieszy nas du\u017ce zainteresowanie oraz nowe mo\u017cliwo\u015bci wsp\u00f3\u0142pracy.<\/p>\n<p><img loading=\"lazy\" decoding=\"async\" class=\"aligncenter wp-image-14228 size-full\" src=\"https:\/\/modual.eu\/wp-content\/uploads\/2025\/05\/funeral-expo-modual-kolumbarium.jpg\" alt=\"wystawa funeral expo w Polsce \u2013 rok 2025. modual kolumbaria \u2013 czesko-s\u0142owacki producent kolumbari\u00f3w, \u015bcian urnowych i ogrod\u00f3w urnowych\" width=\"2040\" height=\"1530\" srcset=\"https:\/\/modual.eu\/wp-content\/uploads\/2025\/05\/funeral-expo-modual-kolumbarium.jpg 2040w, https:\/\/modual.eu\/wp-content\/uploads\/2025\/05\/funeral-expo-modual-kolumbarium-300x225.jpg 300w, https:\/\/modual.eu\/wp-content\/uploads\/2025\/05\/funeral-expo-modual-kolumbarium-1024x768.jpg 1024w, https:\/\/modual.eu\/wp-content\/uploads\/2025\/05\/funeral-expo-modual-kolumbarium-768x576.jpg 768w, https:\/\/modual.eu\/wp-content\/uploads\/2025\/05\/funeral-expo-modual-kolumbarium-1536x1152.jpg 1536w, https:\/\/modual.eu\/wp-content\/uploads\/2025\/05\/funeral-expo-modual-kolumbarium-400x300.jpg 400w, https:\/\/modual.eu\/wp-content\/uploads\/2025\/05\/funeral-expo-modual-kolumbarium-1280x960.jpg 1280w, https:\/\/modual.eu\/wp-content\/uploads\/2025\/05\/funeral-expo-modual-kolumbarium-195x146.jpg 195w, https:\/\/modual.eu\/wp-content\/uploads\/2025\/05\/funeral-expo-modual-kolumbarium-50x38.jpg 50w, https:\/\/modual.eu\/wp-content\/uploads\/2025\/05\/funeral-expo-modual-kolumbarium-100x75.jpg 100w\" sizes=\"auto, (max-width: 2040px) 100vw, 2040px\" \/><\/p>\n<p>&nbsp;<\/p>\n<p><img loading=\"lazy\" decoding=\"async\" class=\"aligncenter wp-image-14229 size-full\" src=\"https:\/\/modual.eu\/wp-content\/uploads\/2025\/05\/funeral-expo-modual-kolumbarium_2.jpg\" alt=\"wystawa funeral expo w Polsce \u2013 rok 2025. modual kolumbaria \u2013 czesko-s\u0142owacki producent kolumbari\u00f3w, \u015bcian urnowych i ogrod\u00f3w urnowych\" width=\"1920\" height=\"1080\" srcset=\"https:\/\/modual.eu\/wp-content\/uploads\/2025\/05\/funeral-expo-modual-kolumbarium_2.jpg 1920w, https:\/\/modual.eu\/wp-content\/uploads\/2025\/05\/funeral-expo-modual-kolumbarium_2-300x169.jpg 300w, https:\/\/modual.eu\/wp-content\/uploads\/2025\/05\/funeral-expo-modual-kolumbarium_2-1024x576.jpg 1024w, https:\/\/modual.eu\/wp-content\/uploads\/2025\/05\/funeral-expo-modual-kolumbarium_2-768x432.jpg 768w, https:\/\/modual.eu\/wp-content\/uploads\/2025\/05\/funeral-expo-modual-kolumbarium_2-1536x864.jpg 1536w, https:\/\/modual.eu\/wp-content\/uploads\/2025\/05\/funeral-expo-modual-kolumbarium_2-260x146.jpg 260w, https:\/\/modual.eu\/wp-content\/uploads\/2025\/05\/funeral-expo-modual-kolumbarium_2-50x28.jpg 50w, https:\/\/modual.eu\/wp-content\/uploads\/2025\/05\/funeral-expo-modual-kolumbarium_2-133x75.jpg 133w\" sizes=\"auto, (max-width: 1920px) 100vw, 1920px\" \/><\/p>\n<p>&nbsp;<\/p>\n<p><img loading=\"lazy\" decoding=\"async\" class=\"aligncenter wp-image-14230 size-full\" src=\"https:\/\/modual.eu\/wp-content\/uploads\/2025\/05\/funeral-expo-modual-kolumbarium_4.jpg\" alt=\"wystawa funeral expo w Polsce \u2013 rok 2025. modual kolumbaria \u2013 czesko-s\u0142owacki producent kolumbari\u00f3w, \u015bcian urnowych i ogrod\u00f3w urnowych\" width=\"2040\" height=\"1530\" srcset=\"https:\/\/modual.eu\/wp-content\/uploads\/2025\/05\/funeral-expo-modual-kolumbarium_4.jpg 2040w, https:\/\/modual.eu\/wp-content\/uploads\/2025\/05\/funeral-expo-modual-kolumbarium_4-300x225.jpg 300w, https:\/\/modual.eu\/wp-content\/uploads\/2025\/05\/funeral-expo-modual-kolumbarium_4-1024x768.jpg 1024w, https:\/\/modual.eu\/wp-content\/uploads\/2025\/05\/funeral-expo-modual-kolumbarium_4-768x576.jpg 768w, https:\/\/modual.eu\/wp-content\/uploads\/2025\/05\/funeral-expo-modual-kolumbarium_4-1536x1152.jpg 1536w, https:\/\/modual.eu\/wp-content\/uploads\/2025\/05\/funeral-expo-modual-kolumbarium_4-400x300.jpg 400w, https:\/\/modual.eu\/wp-content\/uploads\/2025\/05\/funeral-expo-modual-kolumbarium_4-1280x960.jpg 1280w, https:\/\/modual.eu\/wp-content\/uploads\/2025\/05\/funeral-expo-modual-kolumbarium_4-195x146.jpg 195w, https:\/\/modual.eu\/wp-content\/uploads\/2025\/05\/funeral-expo-modual-kolumbarium_4-50x38.jpg 50w, https:\/\/modual.eu\/wp-content\/uploads\/2025\/05\/funeral-expo-modual-kolumbarium_4-100x75.jpg 100w\" sizes=\"auto, (max-width: 2040px) 100vw, 2040px\" \/><\/p>\n<p>&nbsp;<\/p>\n<p><img loading=\"lazy\" decoding=\"async\" class=\"aligncenter wp-image-14231 size-full\" src=\"https:\/\/modual.eu\/wp-content\/uploads\/2025\/05\/funeral-expo-modual-kolumbarium_3.jpg\" alt=\"wystawa funeral expo w Polsce \u2013 rok 2025. modual kolumbaria \u2013 czesko-s\u0142owacki producent kolumbari\u00f3w, \u015bcian urnowych i ogrod\u00f3w urnowych\" width=\"2040\" height=\"1530\" srcset=\"https:\/\/modual.eu\/wp-content\/uploads\/2025\/05\/funeral-expo-modual-kolumbarium_3.jpg 2040w, https:\/\/modual.eu\/wp-content\/uploads\/2025\/05\/funeral-expo-modual-kolumbarium_3-300x225.jpg 300w, https:\/\/modual.eu\/wp-content\/uploads\/2025\/05\/funeral-expo-modual-kolumbarium_3-1024x768.jpg 1024w, https:\/\/modual.eu\/wp-content\/uploads\/2025\/05\/funeral-expo-modual-kolumbarium_3-768x576.jpg 768w, https:\/\/modual.eu\/wp-content\/uploads\/2025\/05\/funeral-expo-modual-kolumbarium_3-1536x1152.jpg 1536w, https:\/\/modual.eu\/wp-content\/uploads\/2025\/05\/funeral-expo-modual-kolumbarium_3-400x300.jpg 400w, https:\/\/modual.eu\/wp-content\/uploads\/2025\/05\/funeral-expo-modual-kolumbarium_3-1280x960.jpg 1280w, https:\/\/modual.eu\/wp-content\/uploads\/2025\/05\/funeral-expo-modual-kolumbarium_3-195x146.jpg 195w, https:\/\/modual.eu\/wp-content\/uploads\/2025\/05\/funeral-expo-modual-kolumbarium_3-50x38.jpg 50w, https:\/\/modual.eu\/wp-content\/uploads\/2025\/05\/funeral-expo-modual-kolumbarium_3-100x75.jpg 100w\" sizes=\"auto, (max-width: 2040px) 100vw, 2040px\" \/><br \/>\nDzi\u0119kujemy wszystkim, kt\u00f3rzy nas odwiedzili!<\/p>\n","protected":false},"excerpt":{"rendered":"<p>Jeste\u015bmy dumni, \u017ce jako czesko-s\u0142owacki producent kolumbari\u00f3w mamy mo\u017cliwo\u015b\u0107 uczestniczy\u0107 w presti\u017cowej mi\u0119dzynarodowej konferencji Funeral Expo 2025 w Polsce. Prezentujemy tutaj nasze najnowsze produkty i innowacje<span class=\"excerpt-hellip\"> [\u2026]<\/span><\/p>\n","protected":false},"author":64,"featured_media":14243,"comment_status":"open","ping_status":"open","sticky":false,"template":"","format":"standard","meta":{"inline_featured_image":false,"footnotes":""},"categories":[30],"tags":[],"class_list":["post-14242","post","type-post","status-publish","format-standard","has-post-thumbnail","hentry","category-novinky-pl"],"_links":{"self":[{"href":"https:\/\/modual.eu\/pl\/wp-json\/wp\/v2\/posts\/14242","targetHints":{"allow":["GET"]}}],"collection":[{"href":"https:\/\/modual.eu\/pl\/wp-json\/wp\/v2\/posts"}],"about":[{"href":"https:\/\/modual.eu\/pl\/wp-json\/wp\/v2\/types\/post"}],"author":[{"embeddable":true,"href":"https:\/\/modual.eu\/pl\/wp-json\/wp\/v2\/users\/64"}],"replies":[{"embeddable":true,"href":"https:\/\/modual.eu\/pl\/wp-json\/wp\/v2\/comments?post=14242"}],"version-history":[{"count":1,"href":"https:\/\/modual.eu\/pl\/wp-json\/wp\/v2\/posts\/14242\/revisions"}],"predecessor-version":[{"id":14244,"href":"https:\/\/modual.eu\/pl\/wp-json\/wp\/v2\/posts\/14242\/revisions\/14244"}],"wp:featuredmedia":[{"embeddable":true,"href":"https:\/\/modual.eu\/pl\/wp-json\/wp\/v2\/media\/14243"}],"wp:attachment":[{"href":"https:\/\/modual.eu\/pl\/wp-json\/wp\/v2\/media?parent=14242"}],"wp:term":[{"taxonomy":"category","embeddable":true,"href":"https:\/\/modual.eu\/pl\/wp-json\/wp\/v2\/categories?post=14242"},{"taxonomy":"post_tag","embeddable":true,"href":"https:\/\/modual.eu\/pl\/wp-json\/wp\/v2\/tags?post=14242"}],"curies":[{"name":"wp","href":"https:\/\/api.w.org\/{rel}","templated":true}]}}